{"id":3109,"date":"2022-10-11T09:29:54","date_gmt":"2022-10-11T09:29:54","guid":{"rendered":"http:\/\/www.citisend.io\/2022\/10\/11\/santiago-de-compostela-installa-el-contenidor-marro\/"},"modified":"2022-10-11T09:33:59","modified_gmt":"2022-10-11T09:33:59","slug":"santiago-de-compostela-installa-el-contenidor-marro","status":"publish","type":"post","link":"https:\/\/www.citisend.io\/ca\/2022\/10\/11\/santiago-de-compostela-installa-el-contenidor-marro\/","title":{"rendered":"Santiago de Compostela instal\u00b7la el \u2018contenidor marr\u00f3\u2019"},"content":{"rendered":"\n<p><em>S\u2019ha instal\u00b7lat als barris Vite, Fonti\u00f1as, Cami\u00f1o Franc\u00e9s y Salgueiri\u00f1os de Abaixo<\/em><\/p>\n\n<p>La ciutat de Gal\u00edcia ha instal\u00b7lat en els seus barris el \u2018contenidor marr\u00f3\u2019 o \u2018cinqu\u00e8 contenidor\u2019 que t\u00e9 com a \u00fas exclusiu els residus org\u00e0nics.<\/p>\n\n<p>Els contenidos marrons hauran d&#8217;estar en servei \u00edntegrament en el primer semestre del 2023, i inicialment comen\u00e7aran a poblar els barris de Vite, Fonti\u00f1as, Cami\u00f1o Franc\u00e9s i Salgueiri\u00f1os de Abaixo. <strong>Segons els t\u00e8cnics hi haur\u00e0 uns 600 contenidors en tota la zona urbana de Compostela.<\/strong><\/p>\n\n<p>L&#8217;Ajuntament de Santiago pret\u00e9n promoure la implementaci\u00f3 d&#8217;un Pla de Maneig de Mat\u00e8ria Org\u00e0nica i incentivar compostatge en el municipi. Aquesta iniciativa s&#8217;emmarca a Santiago Sostenible, i porta el nom de \u2018\u2019Tu Tes a chave\u2019\u2019.<\/p>\n\n<p>La iniciativa \u00abTu tes a chave\u00bb instal\u00b7lar\u00e0 carpes de manera itinerant en diferents carrers que serviran com a punts d&#8217;informaci\u00f3 i de distribuci\u00f3 de material perqu\u00e8 els usuaris s&#8217;inici\u00efn en la pr\u00e0ctica del compostatge. <\/p>\n\n<p>Els ciutadans i les ciutadanes rebran un kit de benvinguda que constar\u00e0 d&#8217;una galleda airejada de deu litres de capacitat, bosses compostables i un fullet informatiu, aix\u00ed com la clau electr\u00f2nica, imprescindible per a obrir els contenidors, que disposen d&#8217;un tancament de seguretat per a evitar que, per error s&#8217;introdueixin altres materials no org\u00e0nics.<\/p>\n\n<p>Els residus que han de dipositar-se en el cinqu\u00e8 contenidor s\u00f3n les restes de fruita, verdura, carn i peix, petxines de marisc o fruita seca, restes de pa, caf\u00e8 i infusi\u00f3, paper de cuina, restes de plantes i taps de suro.<\/p>\n\n<p>L&#8217;Ajuntament de Santiago vol garantir un bon \u00fas del contenidor marr\u00f3 i \u00e9s per aix\u00f2 que s&#8217;usar\u00e0 el sistema de Citisend.<\/p>\n\n<p>Citisend ha implantat la seva tecnologia en aquests contenidors amb el tancament electr\u00f2nic per a contenidors, l&#8217;obertura s&#8217;activa via Bluetooth a trav\u00e9s d&#8217;una aplicaci\u00f3 ciutadana, o amb una targeta.<\/p>\n\n<p><strong>Per a desbloquejar &#8220;la tapa&#8221; i poder tirar en aquest dip\u00f2sit els residus org\u00e0nics hem d&#8217;acostar la targeta. Important esperar que acabi el xiulet abans d&#8217;apartar la targeta<\/strong>. Si no ho fem, no es desbloqueja la porta del col\u00b7lector.<\/p>\n\n<p>Aquest sistema tamb\u00e9 permetr\u00e0 con\u00e8ixer les taxes de reciclatge dels compostelanos, i donar\u00e0 dades que permetran a l&#8217;ajuntament millorar les seves taxes en reciclatge.<\/p>\n\n<div class=\"wp-block-columns is-layout-flex wp-container-core-columns-is-layout-28f84493 wp-block-columns-is-layout-flex\">\n<div class=\"wp-block-column is-layout-flow wp-block-column-is-layout-flow\">\n<figure class=\"wp-block-image size-full\"><img fetchpriority=\"high\" decoding=\"async\" width=\"976\" height=\"730\" src=\"http:\/\/www.citisend.io\/wp-content\/uploads\/2022\/10\/1663324711582.jpeg\" alt=\"\" class=\"wp-image-3104\" srcset=\"https:\/\/www.citisend.io\/wp-content\/uploads\/2022\/10\/1663324711582.jpeg 976w, https:\/\/www.citisend.io\/wp-content\/uploads\/2022\/10\/1663324711582-300x224.jpeg 300w, https:\/\/www.citisend.io\/wp-content\/uploads\/2022\/10\/1663324711582-768x574.jpeg 768w\" sizes=\"(max-width: 976px) 100vw, 976px\" \/><\/figure><\/div>\n\n\n\n<div class=\"wp-block-column is-layout-flow wp-block-column-is-layout-flow\">\n<figure class=\"wp-block-image size-full\"><img decoding=\"async\" width=\"825\" height=\"505\" src=\"http:\/\/www.citisend.io\/wp-content\/uploads\/2022\/10\/arranca-en-santiago-a-implantacion-del-contenedor-marron.jpeg\" alt=\"\" class=\"wp-image-3106\" srcset=\"https:\/\/www.citisend.io\/wp-content\/uploads\/2022\/10\/arranca-en-santiago-a-implantacion-del-contenedor-marron.jpeg 825w, https:\/\/www.citisend.io\/wp-content\/uploads\/2022\/10\/arranca-en-santiago-a-implantacion-del-contenedor-marron-300x184.jpeg 300w, https:\/\/www.citisend.io\/wp-content\/uploads\/2022\/10\/arranca-en-santiago-a-implantacion-del-contenedor-marron-768x470.jpeg 768w\" sizes=\"(max-width: 825px) 100vw, 825px\" \/><\/figure><\/div>\n<\/div>\n","protected":false},"excerpt":{"rendered":"<p>S\u2019ha instal\u00b7lat als barris Vite, Fonti\u00f1as, Cami\u00f1o Franc\u00e9s y Salgueiri\u00f1os de Abaixo La ciutat de Gal\u00edcia ha instal\u00b7lat en els seus barris el \u2018contenidor marr\u00f3\u2019 o \u2018cinqu\u00e8 contenidor\u2019 que t\u00e9 com a \u00fas exclusiu els residus org\u00e0nics. Els contenidos marrons hauran d&#8217;estar en servei \u00edntegrament en el primer semestre del 2023, i inicialment comen\u00e7aran a [&hellip;]<\/p>\n","protected":false},"author":1,"featured_media":3107,"comment_status":"open","ping_status":"closed","sticky":false,"template":"","format":"standard","meta":{"om_disable_all_campaigns":false,"_monsterinsights_skip_tracking":false,"_monsterinsights_sitenote_active":false,"_monsterinsights_sitenote_note":"","_monsterinsights_sitenote_category":0,"footnotes":""},"categories":[14],"tags":[],"class_list":["post-3109","post","type-post","status-publish","format-standard","has-post-thumbnail","hentry","category-uncategorized-ca"],"aioseo_notices":[],"_links":{"self":[{"href":"https:\/\/www.citisend.io\/ca\/wp-json\/wp\/v2\/posts\/3109","targetHints":{"allow":["GET"]}}],"collection":[{"href":"https:\/\/www.citisend.io\/ca\/wp-json\/wp\/v2\/posts"}],"about":[{"href":"https:\/\/www.citisend.io\/ca\/wp-json\/wp\/v2\/types\/post"}],"author":[{"embeddable":true,"href":"https:\/\/www.citisend.io\/ca\/wp-json\/wp\/v2\/users\/1"}],"replies":[{"embeddable":true,"href":"https:\/\/www.citisend.io\/ca\/wp-json\/wp\/v2\/comments?post=3109"}],"version-history":[{"count":4,"href":"https:\/\/www.citisend.io\/ca\/wp-json\/wp\/v2\/posts\/3109\/revisions"}],"predecessor-version":[{"id":3114,"href":"https:\/\/www.citisend.io\/ca\/wp-json\/wp\/v2\/posts\/3109\/revisions\/3114"}],"wp:featuredmedia":[{"embeddable":true,"href":"https:\/\/www.citisend.io\/ca\/wp-json\/wp\/v2\/media\/3107"}],"wp:attachment":[{"href":"https:\/\/www.citisend.io\/ca\/wp-json\/wp\/v2\/media?parent=3109"}],"wp:term":[{"taxonomy":"category","embeddable":true,"href":"https:\/\/www.citisend.io\/ca\/wp-json\/wp\/v2\/categories?post=3109"},{"taxonomy":"post_tag","embeddable":true,"href":"https:\/\/www.citisend.io\/ca\/wp-json\/wp\/v2\/tags?post=3109"}],"curies":[{"name":"wp","href":"https:\/\/api.w.org\/{rel}","templated":true}]}}